{"id":1797,"date":"2020-04-30T10:01:07","date_gmt":"2020-04-30T15:01:07","guid":{"rendered":"https:\/\/www.porto.legal\/?p=1797"},"modified":"2020-05-01T15:01:24","modified_gmt":"2020-05-01T20:01:24","slug":"actualizacion-fondo-de-apoyo-empresarial-mype","status":"publish","type":"post","link":"https:\/\/www.porto.legal\/blog\/actualizacion-fondo-de-apoyo-empresarial-mype\/","title":{"rendered":"Fondo de Apoyo Empresarial para la MYPE &#8211; Actualizaci\u00f3n"},"content":{"rendered":"<p>En un art\u00edculo precedente comentamos sobre la disposici\u00f3n del gobierno peruano para la creaci\u00f3n del Fondo de Apoyo Empresarial a la MYPE (el \u201c<strong><em><u>Fondo\u201d)<\/u><\/em><\/strong> con la finalidad de promover su financiamiento\u00a0 a trav\u00e9s de cr\u00e9ditos para capital de trabajo; as\u00ed como la <a href=\"https:\/\/www.porto.legal\/fondo-de-apoyo-empresarial-para-mypes\/\">reestructuraci\u00f3n y refinanciaci\u00f3n de sus deudas<\/a>. Dichas medidas han sido complementadas el 27 de abril \u00faltimo con nuevas disposiciones:<\/p>\n<p><strong>Asignaci\u00f3n de nuevos recursos al fondo<\/strong><\/p>\n<p>Asignaci\u00f3n de Quinientos Millones de Soles adicionales al Fondo, pasando de Trescientos Millones a Ochocientos Millones de Soles.<\/p>\n<p><strong>Limitaci\u00f3n al destino de los fondos<\/strong><\/p>\n<p>Los nuevos recursos asignados al Fondo se destinar\u00e1n de manera exclusiva a cr\u00e9ditos para capital de trabajo, excluy\u00e9ndose el refinanciamiento o reprogramaci\u00f3n de las deudas que conformaban el planteamiento inicial del Fondo.<\/p>\n<p><strong>L\u00edmite de la garant\u00eda<\/strong><\/p>\n<p>La garant\u00eda que otorga el Fondo cubre como m\u00e1ximo el monto equivalente a dos veces el promedio mensual de deuda de capital de trabajo registrado por la MYPE en el a\u00f1o 2019, en la empresa del sistema financiero que le otorga el cr\u00e9dito y se aplica de acuerdo con la siguiente cobertura:<\/p>\n<ul>\n<li>Hasta S\/ 10,000 con una cobertura de 98% de la cartera por deudor.<\/li>\n<li>Desde S\/ 10,001 hasta S\/ 30,000 con una cobertura de 90% de la cartera por deudor.<\/li>\n<\/ul>\n<p>La garant\u00eda se activa a los 90 d\u00edas calendario de atraso de los cr\u00e9ditos otorgados y el pago se realiza a los 30 d\u00edas calendario.<\/p>\n<p><strong>Criterios de elegibilidad de los beneficiarios<\/strong><\/p>\n<p>Son elegibles como beneficiarias del Fondo las MYPE que:<\/p>\n<ul>\n<li>Obtengan cr\u00e9ditos para capital de trabajo, seg\u00fan los par\u00e1metros establecidos por la Superintendencia de Banca, Seguros y AFP (SBS) para cr\u00e9ditos a MYPES.<\/li>\n<li>Se encuentren clasificada en el Sistema Financiero, al 29 de febrero de 2020 en la Central de Riesgo de la SBS, en la categor\u00eda de \u201cNormal\u201d o \u201cCon Problemas Potenciales\u201d (CPP). En caso de no contar con clasificaci\u00f3n a dicha fecha, no haber estado en una categor\u00eda diferente a la categor\u00eda \u201cNormal\u201d durante los 12 meses previos al otorgamiento del pr\u00e9stamo.<\/li>\n<\/ul>\n<p><strong>Exclusiones<\/strong><\/p>\n<p>No son elegibles como beneficiarias del Fondo las MYPE que:<\/p>\n<ul>\n<li>Se encuentren vinculadas a las empresas del sistema financiero otorgantes del cr\u00e9dito.<\/li>\n<li>Se encuentren comprendidas en el \u00e1mbito de la Ley que asegura el pago inmediato de la reparaci\u00f3n civil a favor del Estado peruano en casos de corrupci\u00f3n y delitos conexos<sup>.<\/sup><\/li>\n<li>Cuenten con cr\u00e9ditos garantizados en el marco del Programa REACTIVA PER\u00da.<\/li>\n<\/ul>\n<p><strong>Plazo de los cr\u00e9ditos garantizados<\/strong><\/p>\n<p>Se autoriza a las empresas del sistema financiero a incluir un periodo de gracia de hasta 12 meses.<\/p>\n<p><strong>Acogimiento al fondo<\/strong><\/p>\n<p>El plazo de acogimiento al Fondo es hasta el 31 de diciembre de 2020. Los recursos que no se lleguen a comprometer al 31 de diciembre de 2020 ser\u00e1n devueltos al Fondo Crecer administrado por COFIDE.<\/p>\n<p>Los mantendremos actualizados a medida que se vayan dictando nuevas disposiciones adicionales o reglamentarias relacionadas al Fondo.<\/p>\n<p>&nbsp;<\/p>\n","protected":false},"excerpt":{"rendered":"En un art\u00edculo precedente comentamos sobre la disposici\u00f3n del gobierno peruano para la creaci\u00f3n del Fondo de Apoyo Empresarial a la MYPE (el \u201cFondo\u201d) con la finalidad de promover su financiamiento\u00a0 a trav\u00e9s de cr\u00e9ditos para capital de trabajo; as\u00ed como la reestructuraci\u00f3n y refinanciaci\u00f3n de sus deudas. Dichas medidas han sido complementadas el 27&#8230; <a class=\"view-article\" href=\"https:\/\/www.porto.legal\/blog\/actualizacion-fondo-de-apoyo-empresarial-mype\/\">Ver art\u00edculo<\/a>","protected":false},"author":28,"featured_media":1798,"comment_status":"open","ping_status":"open","sticky":false,"template":"","format":"standard","meta":{"footnotes":""},"categories":[156],"tags":[],"class_list":["post-1797","post","type-post","status-publish","format-standard","has-post-thumbnail","hentry","category-alerta-normativa"],"_links":{"self":[{"href":"https:\/\/www.porto.legal\/blog\/wp-json\/wp\/v2\/posts\/1797","targetHints":{"allow":["GET"]}}],"collection":[{"href":"https:\/\/www.porto.legal\/blog\/wp-json\/wp\/v2\/posts"}],"about":[{"href":"https:\/\/www.porto.legal\/blog\/wp-json\/wp\/v2\/types\/post"}],"author":[{"embeddable":true,"href":"https:\/\/www.porto.legal\/blog\/wp-json\/wp\/v2\/users\/28"}],"replies":[{"embeddable":true,"href":"https:\/\/www.porto.legal\/blog\/wp-json\/wp\/v2\/comments?post=1797"}],"version-history":[{"count":4,"href":"https:\/\/www.porto.legal\/blog\/wp-json\/wp\/v2\/posts\/1797\/revisions"}],"predecessor-version":[{"id":1807,"href":"https:\/\/www.porto.legal\/blog\/wp-json\/wp\/v2\/posts\/1797\/revisions\/1807"}],"wp:featuredmedia":[{"embeddable":true,"href":"https:\/\/www.porto.legal\/blog\/wp-json\/wp\/v2\/media\/1798"}],"wp:attachment":[{"href":"https:\/\/www.porto.legal\/blog\/wp-json\/wp\/v2\/media?parent=1797"}],"wp:term":[{"taxonomy":"category","embeddable":true,"href":"https:\/\/www.porto.legal\/blog\/wp-json\/wp\/v2\/categories?post=1797"},{"taxonomy":"post_tag","embeddable":true,"href":"https:\/\/www.porto.legal\/blog\/wp-json\/wp\/v2\/tags?post=1797"}],"curies":[{"name":"wp","href":"https:\/\/api.w.org\/{rel}","templated":true}]}}